{"id":7777,"date":"2026-04-30T10:59:29","date_gmt":"2026-04-30T08:59:29","guid":{"rendered":"https:\/\/centresocial-horizon.fr\/?p=7777"},"modified":"2026-04-30T10:59:29","modified_gmt":"2026-04-30T08:59:29","slug":"frihorizon-prepare-lete","status":"publish","type":"post","link":"https:\/\/centresocial-horizon.fr\/?p=7777","title":{"rendered":"Fri&rsquo;Horizon pr\u00e9pare l&rsquo;\u00e9t\u00e9 !"},"content":{"rendered":"\n<figure class=\"wp-block-image size-large\"><a href=\"https:\/\/centresocial-horizon.fr\/wp-content\/uploads\/2026\/04\/Affiche-ouverture-Friperie-juin-2026_page-0001.jpg\"><img loading=\"lazy\" decoding=\"async\" width=\"724\" height=\"1024\" src=\"https:\/\/centresocial-horizon.fr\/wp-content\/uploads\/2026\/04\/Affiche-ouverture-Friperie-juin-2026_page-0001-724x1024.jpg\" alt=\"\" class=\"wp-image-7778\" srcset=\"https:\/\/centresocial-horizon.fr\/wp-content\/uploads\/2026\/04\/Affiche-ouverture-Friperie-juin-2026_page-0001-724x1024.jpg 724w, https:\/\/centresocial-horizon.fr\/wp-content\/uploads\/2026\/04\/Affiche-ouverture-Friperie-juin-2026_page-0001-212x300.jpg 212w, https:\/\/centresocial-horizon.fr\/wp-content\/uploads\/2026\/04\/Affiche-ouverture-Friperie-juin-2026_page-0001-768x1086.jpg 768w, https:\/\/centresocial-horizon.fr\/wp-content\/uploads\/2026\/04\/Affiche-ouverture-Friperie-juin-2026_page-0001-600x849.jpg 600w, https:\/\/centresocial-horizon.fr\/wp-content\/uploads\/2026\/04\/Affiche-ouverture-Friperie-juin-2026_page-0001-1086x1536.jpg 1086w, https:\/\/centresocial-horizon.fr\/wp-content\/uploads\/2026\/04\/Affiche-ouverture-Friperie-juin-2026_page-0001.jpg 1241w\" sizes=\"auto, (max-width: 724px) 100vw, 724px\" \/><\/a><\/figure>\n","protected":false},"excerpt":{"rendered":"","protected":false},"author":17,"featured_media":7778,"comment_status":"open","ping_status":"open","sticky":false,"template":"","format":"standard","meta":{"footnotes":""},"categories":[1],"tags":[],"class_list":["post-7777","post","type-post","status-publish","format-standard","has-post-thumbnail","hentry","category-uncategorized"],"_links":{"self":[{"href":"https:\/\/centresocial-horizon.fr\/index.php?rest_route=\/wp\/v2\/posts\/7777","targetHints":{"allow":["GET"]}}],"collection":[{"href":"https:\/\/centresocial-horizon.fr\/index.php?rest_route=\/wp\/v2\/posts"}],"about":[{"href":"https:\/\/centresocial-horizon.fr\/index.php?rest_route=\/wp\/v2\/types\/post"}],"author":[{"embeddable":true,"href":"https:\/\/centresocial-horizon.fr\/index.php?rest_route=\/wp\/v2\/users\/17"}],"replies":[{"embeddable":true,"href":"https:\/\/centresocial-horizon.fr\/index.php?rest_route=%2Fwp%2Fv2%2Fcomments&post=7777"}],"version-history":[{"count":1,"href":"https:\/\/centresocial-horizon.fr\/index.php?rest_route=\/wp\/v2\/posts\/7777\/revisions"}],"predecessor-version":[{"id":7779,"href":"https:\/\/centresocial-horizon.fr\/index.php?rest_route=\/wp\/v2\/posts\/7777\/revisions\/7779"}],"wp:featuredmedia":[{"embeddable":true,"href":"https:\/\/centresocial-horizon.fr\/index.php?rest_route=\/wp\/v2\/media\/7778"}],"wp:attachment":[{"href":"https:\/\/centresocial-horizon.fr\/index.php?rest_route=%2Fwp%2Fv2%2Fmedia&parent=7777"}],"wp:term":[{"taxonomy":"category","embeddable":true,"href":"https:\/\/centresocial-horizon.fr\/index.php?rest_route=%2Fwp%2Fv2%2Fcategories&post=7777"},{"taxonomy":"post_tag","embeddable":true,"href":"https:\/\/centresocial-horizon.fr\/index.php?rest_route=%2Fwp%2Fv2%2Ftags&post=7777"}],"curies":[{"name":"wp","href":"https:\/\/api.w.org\/{rel}","templated":true}]}}