{"id":3,"count":1,"description":"Repr\u00e9sentants des usagers :\n\nPr\u00e9sidente : Elisabeth VINCENT\nVice Pr\u00e9sidente : Brigitte BOURDEILLE\nTr\u00e9sori\u00e8re : Gis\u00e8le BORE\nVice Tr\u00e9sori\u00e8re : Sophie BREMAUD\nSecr\u00e9taire : Monique MORVAN\nVice Secr\u00e9taire : Marie-Fran\u00e7oise FRAN\u00c7OIS\nMembres :\nSophie GRIMAUD, Brigitte CHAIGNEAU, Fran\u00e7oise BOUVIER, Paul-Jo\u00ebl REVEAU, Daniel RICORDEAU, Michel RIAZUELO, Michel PREVAULT, Marl\u00e8ne GUILLEUX, Marie-Hel\u00e8ne MOREAU, Jean CHESSE, Monique RENOU.\n\nMembres de droit :\n\nVille de CHOLET : Madame Monique ARINO\n                        Madame G\u00e9raldine DELORME\nCAF : Monsieur Pierre- Yves AUDRAIN\n        Monsieur Claude CESRON\nCAC : Madame Odile BERRET\n        Monsieur St\u00e9phane MORINIERE\n\nRepr\u00e9sentants des associations adh\u00e9rentes :\n\nLes amis de la sant\u00e9 : Madame Marinette CESLAISAR\n                              Monsieur Lo\u00efc BREGEON\nAssociations Fibromyalgie du Grand Anjou : Gis\u00e9le BORRE.\n     \n \n\n","link":"https:\/\/centresocial-horizon.fr\/?cat=3","name":"Conseil d'administration","slug":"conseil-dadministration","taxonomy":"category","parent":2,"meta":[],"_links":{"self":[{"href":"https:\/\/centresocial-horizon.fr\/index.php?rest_route=\/wp\/v2\/categories\/3","targetHints":{"allow":["GET"]}}],"collection":[{"href":"https:\/\/centresocial-horizon.fr\/index.php?rest_route=\/wp\/v2\/categories"}],"about":[{"href":"https:\/\/centresocial-horizon.fr\/index.php?rest_route=\/wp\/v2\/taxonomies\/category"}],"up":[{"embeddable":true,"href":"https:\/\/centresocial-horizon.fr\/index.php?rest_route=\/wp\/v2\/categories\/2"}],"wp:post_type":[{"href":"https:\/\/centresocial-horizon.fr\/index.php?rest_route=%2Fwp%2Fv2%2Fposts&categories=3"}],"curies":[{"name":"wp","href":"https:\/\/api.w.org\/{rel}","templated":true}]}}